{"id":2689,"date":"2019-12-05T17:03:09","date_gmt":"2019-12-05T20:03:09","guid":{"rendered":"https:\/\/www.encontrabrasil.net\/agenda\/?p=2689"},"modified":"2019-12-05T17:03:09","modified_gmt":"2019-12-05T20:03:09","slug":"como-e-feito-orcamento-de-aulas-particulares-em-pinheiros-e-vila-madalena-encontrapinheiros","status":"publish","type":"post","link":"https:\/\/www.encontrabrasil.net\/agenda\/como-e-feito-orcamento-de-aulas-particulares-em-pinheiros-e-vila-madalena-encontrapinheiros\/","title":{"rendered":"Como \u00e9 feito or\u00e7amento de Aulas Particulares em Pinheiros e Vila Madalena [EncontraPinheiros]"},"content":{"rendered":"<p><a href=\"https:\/\/www.encontrasaopaulo.com.br\/guia\/escolas-infantis\" target=\"_blank\" rel=\"noopener\">A aula particular \u00e9 uma forma de aprendizado que consiste em receber um determinado tipo de instru\u00e7\u00e3o<\/a> fora dos cursos tradicionais. Pode ser uma excelente ferramenta para quem n\u00e3o tem tempo de se especializar atrav\u00e9s do ensino formal mas tem interesse em aprender. Um professor particular que seja competente auxilia o interessado na busca por solu\u00e7\u00f5es educacionais que dificilmente poderiam ser encontradas nos meios tradicionais. \u00c9 por isso que as aulas particulares podem ser mais efetivas do que uma escola ou institui\u00e7\u00e3o educacional, ou ent\u00e3o atuar como complemento destas.<\/p>\n<p>Hoje, s\u00e3o encontrados professores particulares que lecionam nas mais diversas \u00e1reas do conhecimento. No Brasil, a maioria dos professores particulares s\u00e3o informais, por\u00e9m, nos \u00faltimos anos, algumas escolas de idiomas t\u00eam iniciado a atua\u00e7\u00e3o no segmento. Quando contrata uma escola de idiomas, o aluno possui um programa de desenvolvimento estabelecido pela escola e acompanhamento pedag\u00f3gico individualizado.<\/p>\n<p><img loading=\"lazy\" decoding=\"async\" class=\"alignnone size-full wp-image-2690\" src=\"https:\/\/www.encontrabrasil.net\/agenda\/wp-content\/uploads\/2019\/11\/aulas-particulares-1.jpg\" alt=\"\" width=\"848\" height=\"147\" srcset=\"https:\/\/www.encontrabrasil.net\/agenda\/wp-content\/uploads\/2019\/11\/aulas-particulares-1.jpg 848w, https:\/\/www.encontrabrasil.net\/agenda\/wp-content\/uploads\/2019\/11\/aulas-particulares-1-300x52.jpg 300w, https:\/\/www.encontrabrasil.net\/agenda\/wp-content\/uploads\/2019\/11\/aulas-particulares-1-768x133.jpg 768w\" sizes=\"auto, (max-width: 848px) 100vw, 848px\" \/><\/p>\n<p><strong>Conhe\u00e7a nosso novo anunciante nas categorias:<\/strong><\/p>\n<ul>\n<li><a href=\"https:\/\/www.encontravilamadalena.com.br\/e\/escolas-particulares-na-vila-madalena.shtml\" target=\"_blank\" rel=\"noopener\">https:\/\/www.encontravilamadalena.com.br\/e\/escolas-particulares-na-vila-madalena.shtml<\/a><\/li>\n<li><a href=\"https:\/\/www.encontrapinheiros.com.br\/e\/escolas-particulares-no-pinheiros.shtml\" target=\"_blank\" rel=\"noopener\">https:\/\/www.encontrapinheiros.com.br\/e\/escolas-particulares-no-pinheiros.shtml<\/a><\/li>\n<\/ul>\n","protected":false},"excerpt":{"rendered":"<p>A aula particular \u00e9 uma forma de aprendizado que consiste em receber um determinado tipo de instru\u00e7\u00e3o fora dos cursos tradicionais. Pode ser uma excelente ferramenta para quem n\u00e3o tem tempo de se especializar atrav\u00e9s do ensino formal mas tem interesse em aprender. Um professor particular que seja competente auxilia o interessado na busca por [&hellip;]<\/p>\n","protected":false},"author":1,"featured_media":2690,"comment_status":"closed","ping_status":"closed","sticky":false,"template":"","format":"standard","meta":{"sfsi_plus_gutenberg_text_before_share":"","sfsi_plus_gutenberg_show_text_before_share":"","sfsi_plus_gutenberg_icon_type":"","sfsi_plus_gutenberg_icon_alignemt":"","sfsi_plus_gutenburg_max_per_row":"","footnotes":""},"categories":[6],"tags":[],"class_list":["post-2689","post","type-post","status-publish","format-standard","has-post-thumbnail","hentry","category-anuncios-gratuitos"],"blocksy_meta":[],"yoast_head":"<!-- This site is optimized with the Yoast SEO plugin v28.1 - https:\/\/yoast.com\/product\/yoast-seo-wordpress\/ -->\n<title>Como \u00e9 feito or\u00e7amento de Aulas Particulares em Pinheiros e Vila Madalena [EncontraPinheiros] &#8212; EncontraBrasil.net Agenda<\/title>\n<meta name=\"robots\" content=\"index, follow, max-snippet:-1, max-image-preview:large, max-video-preview:-1\" \/>\n<link rel=\"canonical\" href=\"https:\/\/www.encontrabrasil.net\/agenda\/como-e-feito-orcamento-de-aulas-particulares-em-pinheiros-e-vila-madalena-encontrapinheiros\/\" \/>\n<meta property=\"og:locale\" content=\"pt_BR\" \/>\n<meta property=\"og:type\" content=\"article\" \/>\n<meta property=\"og:title\" content=\"Como \u00e9 feito or\u00e7amento de Aulas Particulares em Pinheiros e Vila Madalena [EncontraPinheiros] &#8212; EncontraBrasil.net Agenda\" \/>\n<meta property=\"og:description\" content=\"A aula particular \u00e9 uma forma de aprendizado que consiste em receber um determinado tipo de instru\u00e7\u00e3o fora dos cursos tradicionais. Pode ser uma excelente ferramenta para quem n\u00e3o tem tempo de se especializar atrav\u00e9s do ensino formal mas tem interesse em aprender. Um professor particular que seja competente auxilia o interessado na busca por [&hellip;]\" \/>\n<meta property=\"og:url\" content=\"https:\/\/www.encontrabrasil.net\/agenda\/como-e-feito-orcamento-de-aulas-particulares-em-pinheiros-e-vila-madalena-encontrapinheiros\/\" \/>\n<meta property=\"og:site_name\" content=\"EncontraBrasil Agenda\" \/>\n<meta property=\"article:published_time\" content=\"2019-12-05T20:03:09+00:00\" \/>\n<meta property=\"og:image\" content=\"https:\/\/www.encontrabrasil.net\/agenda\/wp-content\/uploads\/2019\/11\/aulas-particulares-1.jpg\" \/>\n\t<meta property=\"og:image:width\" content=\"848\" \/>\n\t<meta property=\"og:image:height\" content=\"147\" \/>\n\t<meta property=\"og:image:type\" content=\"image\/jpeg\" \/>\n<meta name=\"author\" content=\"Equipe Encontra Brasil\" \/>\n<meta name=\"twitter:card\" content=\"summary_large_image\" \/>\n<meta name=\"twitter:label1\" content=\"Escrito por\" \/>\n\t<meta name=\"twitter:data1\" content=\"Equipe Encontra Brasil\" \/>\n\t<meta name=\"twitter:label2\" content=\"Est. tempo de leitura\" \/>\n\t<meta name=\"twitter:data2\" content=\"1 minuto\" \/>\n<script type=\"application\/ld+json\" class=\"yoast-schema-graph\">{\"@context\":\"https:\\\/\\\/schema.org\",\"@graph\":[{\"@type\":\"Article\",\"@id\":\"https:\\\/\\\/www.encontrabrasil.net\\\/agenda\\\/como-e-feito-orcamento-de-aulas-particulares-em-pinheiros-e-vila-madalena-encontrapinheiros\\\/#article\",\"isPartOf\":{\"@id\":\"https:\\\/\\\/www.encontrabrasil.net\\\/agenda\\\/como-e-feito-orcamento-de-aulas-particulares-em-pinheiros-e-vila-madalena-encontrapinheiros\\\/\"},\"author\":{\"name\":\"Equipe Encontra Brasil\",\"@id\":\"https:\\\/\\\/www.encontrabrasil.net\\\/agenda\\\/#\\\/schema\\\/person\\\/d4022c593d17c45215337e0c6165af29\"},\"headline\":\"Como \u00e9 feito or\u00e7amento de Aulas Particulares em Pinheiros e Vila Madalena [EncontraPinheiros]\",\"datePublished\":\"2019-12-05T20:03:09+00:00\",\"mainEntityOfPage\":{\"@id\":\"https:\\\/\\\/www.encontrabrasil.net\\\/agenda\\\/como-e-feito-orcamento-de-aulas-particulares-em-pinheiros-e-vila-madalena-encontrapinheiros\\\/\"},\"wordCount\":191,\"image\":{\"@id\":\"https:\\\/\\\/www.encontrabrasil.net\\\/agenda\\\/como-e-feito-orcamento-de-aulas-particulares-em-pinheiros-e-vila-madalena-encontrapinheiros\\\/#primaryimage\"},\"thumbnailUrl\":\"https:\\\/\\\/www.encontrabrasil.net\\\/agenda\\\/wp-content\\\/uploads\\\/2019\\\/11\\\/aulas-particulares-1.jpg\",\"articleSection\":[\"An\u00fancios Gratuitos\"],\"inLanguage\":\"pt-BR\"},{\"@type\":\"WebPage\",\"@id\":\"https:\\\/\\\/www.encontrabrasil.net\\\/agenda\\\/como-e-feito-orcamento-de-aulas-particulares-em-pinheiros-e-vila-madalena-encontrapinheiros\\\/\",\"url\":\"https:\\\/\\\/www.encontrabrasil.net\\\/agenda\\\/como-e-feito-orcamento-de-aulas-particulares-em-pinheiros-e-vila-madalena-encontrapinheiros\\\/\",\"name\":\"Como \u00e9 feito or\u00e7amento de Aulas Particulares em Pinheiros e Vila Madalena [EncontraPinheiros] &#8212; EncontraBrasil.net Agenda\",\"isPartOf\":{\"@id\":\"https:\\\/\\\/www.encontrabrasil.net\\\/agenda\\\/#website\"},\"primaryImageOfPage\":{\"@id\":\"https:\\\/\\\/www.encontrabrasil.net\\\/agenda\\\/como-e-feito-orcamento-de-aulas-particulares-em-pinheiros-e-vila-madalena-encontrapinheiros\\\/#primaryimage\"},\"image\":{\"@id\":\"https:\\\/\\\/www.encontrabrasil.net\\\/agenda\\\/como-e-feito-orcamento-de-aulas-particulares-em-pinheiros-e-vila-madalena-encontrapinheiros\\\/#primaryimage\"},\"thumbnailUrl\":\"https:\\\/\\\/www.encontrabrasil.net\\\/agenda\\\/wp-content\\\/uploads\\\/2019\\\/11\\\/aulas-particulares-1.jpg\",\"datePublished\":\"2019-12-05T20:03:09+00:00\",\"author\":{\"@id\":\"https:\\\/\\\/www.encontrabrasil.net\\\/agenda\\\/#\\\/schema\\\/person\\\/d4022c593d17c45215337e0c6165af29\"},\"breadcrumb\":{\"@id\":\"https:\\\/\\\/www.encontrabrasil.net\\\/agenda\\\/como-e-feito-orcamento-de-aulas-particulares-em-pinheiros-e-vila-madalena-encontrapinheiros\\\/#breadcrumb\"},\"inLanguage\":\"pt-BR\",\"potentialAction\":[{\"@type\":\"ReadAction\",\"target\":[\"https:\\\/\\\/www.encontrabrasil.net\\\/agenda\\\/como-e-feito-orcamento-de-aulas-particulares-em-pinheiros-e-vila-madalena-encontrapinheiros\\\/\"]}]},{\"@type\":\"ImageObject\",\"inLanguage\":\"pt-BR\",\"@id\":\"https:\\\/\\\/www.encontrabrasil.net\\\/agenda\\\/como-e-feito-orcamento-de-aulas-particulares-em-pinheiros-e-vila-madalena-encontrapinheiros\\\/#primaryimage\",\"url\":\"https:\\\/\\\/www.encontrabrasil.net\\\/agenda\\\/wp-content\\\/uploads\\\/2019\\\/11\\\/aulas-particulares-1.jpg\",\"contentUrl\":\"https:\\\/\\\/www.encontrabrasil.net\\\/agenda\\\/wp-content\\\/uploads\\\/2019\\\/11\\\/aulas-particulares-1.jpg\",\"width\":848,\"height\":147},{\"@type\":\"BreadcrumbList\",\"@id\":\"https:\\\/\\\/www.encontrabrasil.net\\\/agenda\\\/como-e-feito-orcamento-de-aulas-particulares-em-pinheiros-e-vila-madalena-encontrapinheiros\\\/#breadcrumb\",\"itemListElement\":[{\"@type\":\"ListItem\",\"position\":1,\"name\":\"In\u00edcio\",\"item\":\"https:\\\/\\\/www.encontrabrasil.net\\\/agenda\\\/\"},{\"@type\":\"ListItem\",\"position\":2,\"name\":\"Como \u00e9 feito or\u00e7amento de Aulas Particulares em Pinheiros e Vila Madalena [EncontraPinheiros]\"}]},{\"@type\":\"WebSite\",\"@id\":\"https:\\\/\\\/www.encontrabrasil.net\\\/agenda\\\/#website\",\"url\":\"https:\\\/\\\/www.encontrabrasil.net\\\/agenda\\\/\",\"name\":\"EncontraBrasil Agenda\",\"description\":\"O jeito mais f\u00e1cil de aparecer na internet\",\"potentialAction\":[{\"@type\":\"SearchAction\",\"target\":{\"@type\":\"EntryPoint\",\"urlTemplate\":\"https:\\\/\\\/www.encontrabrasil.net\\\/agenda\\\/?s={search_term_string}\"},\"query-input\":{\"@type\":\"PropertyValueSpecification\",\"valueRequired\":true,\"valueName\":\"search_term_string\"}}],\"inLanguage\":\"pt-BR\"},{\"@type\":\"Person\",\"@id\":\"https:\\\/\\\/www.encontrabrasil.net\\\/agenda\\\/#\\\/schema\\\/person\\\/d4022c593d17c45215337e0c6165af29\",\"name\":\"Equipe Encontra Brasil\",\"image\":{\"@type\":\"ImageObject\",\"inLanguage\":\"pt-BR\",\"@id\":\"https:\\\/\\\/secure.gravatar.com\\\/avatar\\\/2c27dbda4c5b8ce3f1099b4194b27872f44af200e2aeb3892745b54050905051?s=96&d=mm&r=g\",\"url\":\"https:\\\/\\\/secure.gravatar.com\\\/avatar\\\/2c27dbda4c5b8ce3f1099b4194b27872f44af200e2aeb3892745b54050905051?s=96&d=mm&r=g\",\"contentUrl\":\"https:\\\/\\\/secure.gravatar.com\\\/avatar\\\/2c27dbda4c5b8ce3f1099b4194b27872f44af200e2aeb3892745b54050905051?s=96&d=mm&r=g\",\"caption\":\"Equipe Encontra Brasil\"},\"url\":\"https:\\\/\\\/www.encontrabrasil.net\\\/agenda\\\/author\\\/encontrabrasil\\\/\"}]}<\/script>\n<!-- \/ Yoast SEO plugin. -->","yoast_head_json":{"title":"Como \u00e9 feito or\u00e7amento de Aulas Particulares em Pinheiros e Vila Madalena [EncontraPinheiros] &#8212; EncontraBrasil.net Agenda","robots":{"index":"index","follow":"follow","max-snippet":"max-snippet:-1","max-image-preview":"max-image-preview:large","max-video-preview":"max-video-preview:-1"},"canonical":"https:\/\/www.encontrabrasil.net\/agenda\/como-e-feito-orcamento-de-aulas-particulares-em-pinheiros-e-vila-madalena-encontrapinheiros\/","og_locale":"pt_BR","og_type":"article","og_title":"Como \u00e9 feito or\u00e7amento de Aulas Particulares em Pinheiros e Vila Madalena [EncontraPinheiros] &#8212; EncontraBrasil.net Agenda","og_description":"A aula particular \u00e9 uma forma de aprendizado que consiste em receber um determinado tipo de instru\u00e7\u00e3o fora dos cursos tradicionais. Pode ser uma excelente ferramenta para quem n\u00e3o tem tempo de se especializar atrav\u00e9s do ensino formal mas tem interesse em aprender. Um professor particular que seja competente auxilia o interessado na busca por [&hellip;]","og_url":"https:\/\/www.encontrabrasil.net\/agenda\/como-e-feito-orcamento-de-aulas-particulares-em-pinheiros-e-vila-madalena-encontrapinheiros\/","og_site_name":"EncontraBrasil Agenda","article_published_time":"2019-12-05T20:03:09+00:00","og_image":[{"width":848,"height":147,"url":"https:\/\/www.encontrabrasil.net\/agenda\/wp-content\/uploads\/2019\/11\/aulas-particulares-1.jpg","type":"image\/jpeg"}],"author":"Equipe Encontra Brasil","twitter_card":"summary_large_image","twitter_misc":{"Escrito por":"Equipe Encontra Brasil","Est. tempo de leitura":"1 minuto"},"schema":{"@context":"https:\/\/schema.org","@graph":[{"@type":"Article","@id":"https:\/\/www.encontrabrasil.net\/agenda\/como-e-feito-orcamento-de-aulas-particulares-em-pinheiros-e-vila-madalena-encontrapinheiros\/#article","isPartOf":{"@id":"https:\/\/www.encontrabrasil.net\/agenda\/como-e-feito-orcamento-de-aulas-particulares-em-pinheiros-e-vila-madalena-encontrapinheiros\/"},"author":{"name":"Equipe Encontra Brasil","@id":"https:\/\/www.encontrabrasil.net\/agenda\/#\/schema\/person\/d4022c593d17c45215337e0c6165af29"},"headline":"Como \u00e9 feito or\u00e7amento de Aulas Particulares em Pinheiros e Vila Madalena [EncontraPinheiros]","datePublished":"2019-12-05T20:03:09+00:00","mainEntityOfPage":{"@id":"https:\/\/www.encontrabrasil.net\/agenda\/como-e-feito-orcamento-de-aulas-particulares-em-pinheiros-e-vila-madalena-encontrapinheiros\/"},"wordCount":191,"image":{"@id":"https:\/\/www.encontrabrasil.net\/agenda\/como-e-feito-orcamento-de-aulas-particulares-em-pinheiros-e-vila-madalena-encontrapinheiros\/#primaryimage"},"thumbnailUrl":"https:\/\/www.encontrabrasil.net\/agenda\/wp-content\/uploads\/2019\/11\/aulas-particulares-1.jpg","articleSection":["An\u00fancios Gratuitos"],"inLanguage":"pt-BR"},{"@type":"WebPage","@id":"https:\/\/www.encontrabrasil.net\/agenda\/como-e-feito-orcamento-de-aulas-particulares-em-pinheiros-e-vila-madalena-encontrapinheiros\/","url":"https:\/\/www.encontrabrasil.net\/agenda\/como-e-feito-orcamento-de-aulas-particulares-em-pinheiros-e-vila-madalena-encontrapinheiros\/","name":"Como \u00e9 feito or\u00e7amento de Aulas Particulares em Pinheiros e Vila Madalena [EncontraPinheiros] &#8212; EncontraBrasil.net Agenda","isPartOf":{"@id":"https:\/\/www.encontrabrasil.net\/agenda\/#website"},"primaryImageOfPage":{"@id":"https:\/\/www.encontrabrasil.net\/agenda\/como-e-feito-orcamento-de-aulas-particulares-em-pinheiros-e-vila-madalena-encontrapinheiros\/#primaryimage"},"image":{"@id":"https:\/\/www.encontrabrasil.net\/agenda\/como-e-feito-orcamento-de-aulas-particulares-em-pinheiros-e-vila-madalena-encontrapinheiros\/#primaryimage"},"thumbnailUrl":"https:\/\/www.encontrabrasil.net\/agenda\/wp-content\/uploads\/2019\/11\/aulas-particulares-1.jpg","datePublished":"2019-12-05T20:03:09+00:00","author":{"@id":"https:\/\/www.encontrabrasil.net\/agenda\/#\/schema\/person\/d4022c593d17c45215337e0c6165af29"},"breadcrumb":{"@id":"https:\/\/www.encontrabrasil.net\/agenda\/como-e-feito-orcamento-de-aulas-particulares-em-pinheiros-e-vila-madalena-encontrapinheiros\/#breadcrumb"},"inLanguage":"pt-BR","potentialAction":[{"@type":"ReadAction","target":["https:\/\/www.encontrabrasil.net\/agenda\/como-e-feito-orcamento-de-aulas-particulares-em-pinheiros-e-vila-madalena-encontrapinheiros\/"]}]},{"@type":"ImageObject","inLanguage":"pt-BR","@id":"https:\/\/www.encontrabrasil.net\/agenda\/como-e-feito-orcamento-de-aulas-particulares-em-pinheiros-e-vila-madalena-encontrapinheiros\/#primaryimage","url":"https:\/\/www.encontrabrasil.net\/agenda\/wp-content\/uploads\/2019\/11\/aulas-particulares-1.jpg","contentUrl":"https:\/\/www.encontrabrasil.net\/agenda\/wp-content\/uploads\/2019\/11\/aulas-particulares-1.jpg","width":848,"height":147},{"@type":"BreadcrumbList","@id":"https:\/\/www.encontrabrasil.net\/agenda\/como-e-feito-orcamento-de-aulas-particulares-em-pinheiros-e-vila-madalena-encontrapinheiros\/#breadcrumb","itemListElement":[{"@type":"ListItem","position":1,"name":"In\u00edcio","item":"https:\/\/www.encontrabrasil.net\/agenda\/"},{"@type":"ListItem","position":2,"name":"Como \u00e9 feito or\u00e7amento de Aulas Particulares em Pinheiros e Vila Madalena [EncontraPinheiros]"}]},{"@type":"WebSite","@id":"https:\/\/www.encontrabrasil.net\/agenda\/#website","url":"https:\/\/www.encontrabrasil.net\/agenda\/","name":"EncontraBrasil Agenda","description":"O jeito mais f\u00e1cil de aparecer na internet","potentialAction":[{"@type":"SearchAction","target":{"@type":"EntryPoint","urlTemplate":"https:\/\/www.encontrabrasil.net\/agenda\/?s={search_term_string}"},"query-input":{"@type":"PropertyValueSpecification","valueRequired":true,"valueName":"search_term_string"}}],"inLanguage":"pt-BR"},{"@type":"Person","@id":"https:\/\/www.encontrabrasil.net\/agenda\/#\/schema\/person\/d4022c593d17c45215337e0c6165af29","name":"Equipe Encontra Brasil","image":{"@type":"ImageObject","inLanguage":"pt-BR","@id":"https:\/\/secure.gravatar.com\/avatar\/2c27dbda4c5b8ce3f1099b4194b27872f44af200e2aeb3892745b54050905051?s=96&d=mm&r=g","url":"https:\/\/secure.gravatar.com\/avatar\/2c27dbda4c5b8ce3f1099b4194b27872f44af200e2aeb3892745b54050905051?s=96&d=mm&r=g","contentUrl":"https:\/\/secure.gravatar.com\/avatar\/2c27dbda4c5b8ce3f1099b4194b27872f44af200e2aeb3892745b54050905051?s=96&d=mm&r=g","caption":"Equipe Encontra Brasil"},"url":"https:\/\/www.encontrabrasil.net\/agenda\/author\/encontrabrasil\/"}]}},"_links":{"self":[{"href":"https:\/\/www.encontrabrasil.net\/agenda\/wp-json\/wp\/v2\/posts\/2689","targetHints":{"allow":["GET"]}}],"collection":[{"href":"https:\/\/www.encontrabrasil.net\/agenda\/wp-json\/wp\/v2\/posts"}],"about":[{"href":"https:\/\/www.encontrabrasil.net\/agenda\/wp-json\/wp\/v2\/types\/post"}],"author":[{"embeddable":true,"href":"https:\/\/www.encontrabrasil.net\/agenda\/wp-json\/wp\/v2\/users\/1"}],"replies":[{"embeddable":true,"href":"https:\/\/www.encontrabrasil.net\/agenda\/wp-json\/wp\/v2\/comments?post=2689"}],"version-history":[{"count":1,"href":"https:\/\/www.encontrabrasil.net\/agenda\/wp-json\/wp\/v2\/posts\/2689\/revisions"}],"predecessor-version":[{"id":2691,"href":"https:\/\/www.encontrabrasil.net\/agenda\/wp-json\/wp\/v2\/posts\/2689\/revisions\/2691"}],"wp:featuredmedia":[{"embeddable":true,"href":"https:\/\/www.encontrabrasil.net\/agenda\/wp-json\/wp\/v2\/media\/2690"}],"wp:attachment":[{"href":"https:\/\/www.encontrabrasil.net\/agenda\/wp-json\/wp\/v2\/media?parent=2689"}],"wp:term":[{"taxonomy":"category","embeddable":true,"href":"https:\/\/www.encontrabrasil.net\/agenda\/wp-json\/wp\/v2\/categories?post=2689"},{"taxonomy":"post_tag","embeddable":true,"href":"https:\/\/www.encontrabrasil.net\/agenda\/wp-json\/wp\/v2\/tags?post=2689"}],"curies":[{"name":"wp","href":"https:\/\/api.w.org\/{rel}","templated":true}]}}